{"id":1491,"date":"2017-07-15T17:01:22","date_gmt":"2017-07-15T15:01:22","guid":{"rendered":"http:\/\/www.tonimartinmedic.com\/?p=1491\/"},"modified":"2017-07-24T17:25:58","modified_gmt":"2017-07-24T15:25:58","slug":"mesurant-laltura-de-messi","status":"publish","type":"post","link":"https:\/\/www.tonimartinmedic.com\/ca\/mesurant-laltura-de-messi\/","title":{"rendered":"Mesurant l&#8217;altura de Messi"},"content":{"rendered":"<p>Ahir, 14 de juliol, veient el <span class=\"hiddenSpellError\">Telenoticies<\/span> (<span class=\"hiddenSpellError\">Tv3<\/span>) vaig captar unes imatges per atzar del moment en el qual a Messi li feien la revisi\u00f3 m\u00e8dica habitual a l&#8217;inici de la temporada. Durant uns segons la c\u00e0mera va captar el moment en el qual el metge mesurava l&#8217;altura de l&#8217;admirable i admirat futbolista del Bar\u00e7a&#8230; i <span class=\"hiddenSpellError\">aahh<\/span>!, van ser uns instants reveladors que donaria qualsevol cosa per tornar a disposar d&#8217;ells i transformar-los en un <span class=\"hiddenSpellError\">gif<\/span>. He intentat accedir als arxius de <span class=\"hiddenSpellError\">Tv3<\/span> per\u00f2 han estat substitu\u00efdes per la mateixa escena per\u00f2 amb <span class=\"hiddenSpellError\">Iniesta<\/span> en comptes de Messi. Ll\u00e0stima, per\u00f2 mancant la imatge intentar\u00e9 descriure-ho i afegir un dibuix aclaridor.<\/p>\n<p>(La foto adjunta correspon al mateix moment que descric, per\u00f2 en algun un altre any anterior)<\/p>\n<p>En l&#8217;escena que vaig poder veure ahir, al moment del mesurament, quan el metge baixa el llist\u00f3 met\u00e0l\u00b7lic cap al cap de l&#8217;esportista, Messi fa el gest instintiu d'&#8221;aixecar el cap&#8221;, de la manera caracter\u00edstica que solen fer-ho les persones de baixa al\u00e7ada, que \u00e9s elevant el ment\u00f3.<\/p>\n<p>Si us fixeu, quan fem aquest gest d&#8217;elevar el ment\u00f3, tota la cara s&#8217;eleva i tamb\u00e9\u00a0els ulls, fent l&#8217;efecte a la persona que ho fa de &#8220;cr\u00e9ixer&#8221;, perqu\u00e8 aconsegueix elevar un o dos cent\u00edmetres els ulls per sobre de la posici\u00f3 anterior. Per\u00f2 tamb\u00e9\u00a0podeu\u00a0observar que, malgrat que la cara s&#8217;eleva, el clatell es retreu i aquest gest el que provoca \u00e9s disminuir l&#8217;altura tamb\u00e9\u00a0en un o dos cent\u00edmetres. Just ho contrario del que es pretenia.<\/p>\n<p>En l&#8217;escena d&#8217;ahir aix\u00f2 quedava perfectament clar. En un primer moment, Messi aixeca el ment\u00f3 en un moviment d&#8217;extensi\u00f3 del <span class=\"hiddenGreenError\">cap<\/span> respecte del coll, de manera m\u00e9s exagerada que en la fotografia adjunta, i immediatament despr\u00e9s el metge li corregeix la postura tornant a col\u00b7locar el cap en el seu lloc en un moviment de flexi\u00f3 del <span class=\"hiddenGreenError\">cap<\/span> respecte del coll, aconseguint aix\u00ed que el punt m\u00e9s alt del clatell torni a elevar-se a la seva posici\u00f3 correcta.<\/p>\n<p>Aquesta correcci\u00f3 postural, i millor, la consci\u00e8ncia que puguem tenir d&#8217;ella i de les seves conseq\u00fc\u00e8ncies, t\u00e9 una enorme import\u00e0ncia no solament en l&#8217;altura subjectiva de la persona, que finalment \u00e9s solament una q\u00fcesti\u00f3 anecd\u00f2tica com en aquest cas, sin\u00f3 en l&#8217;efecte que t\u00e9 a nivell tensional en tota la musculatura posterior del coll quan aquest h\u00e0bit es converteix en el patr\u00f3 habitual de la persona.<\/p>\n<p>Patologies funcionals tan comuns com la <strong>cervic\u00e0lgia tensional<\/strong> i la <strong>sensaci\u00f3 d&#8217;inestabilitat<\/strong> poden estar afavorides per aquest h\u00e0bit de mala posici\u00f3 del crani respecte a la columna cervical.<\/p>\n","protected":false},"excerpt":{"rendered":"<p>Ahir, 14 de juliol, veient el Telenoticies (Tv3) vaig captar unes imatges per atzar del moment en el qual a Messi li feien la revisi\u00f3 m\u00e8dica habitual a l&#8217;inici de la temporada. Durant uns segons la c\u00e0mera va captar el moment en el qual el metge mesurava l&#8217;altura de l&#8217;admirable i admirat futbolista del Bar\u00e7a&#8230; [&hellip;]<\/p>\n","protected":false},"author":1,"featured_media":1319,"comment_status":"open","ping_status":"open","sticky":false,"template":"","format":"standard","meta":{"footnotes":""},"categories":[67],"tags":[73,75,80],"_links":{"self":[{"href":"https:\/\/www.tonimartinmedic.com\/ca\/wp-json\/wp\/v2\/posts\/1491"}],"collection":[{"href":"https:\/\/www.tonimartinmedic.com\/ca\/wp-json\/wp\/v2\/posts"}],"about":[{"href":"https:\/\/www.tonimartinmedic.com\/ca\/wp-json\/wp\/v2\/types\/post"}],"author":[{"embeddable":true,"href":"https:\/\/www.tonimartinmedic.com\/ca\/wp-json\/wp\/v2\/users\/1"}],"replies":[{"embeddable":true,"href":"https:\/\/www.tonimartinmedic.com\/ca\/wp-json\/wp\/v2\/comments?post=1491"}],"version-history":[{"count":1,"href":"https:\/\/www.tonimartinmedic.com\/ca\/wp-json\/wp\/v2\/posts\/1491\/revisions"}],"predecessor-version":[{"id":1492,"href":"https:\/\/www.tonimartinmedic.com\/ca\/wp-json\/wp\/v2\/posts\/1491\/revisions\/1492"}],"wp:featuredmedia":[{"embeddable":true,"href":"https:\/\/www.tonimartinmedic.com\/ca\/wp-json\/wp\/v2\/media\/1319"}],"wp:attachment":[{"href":"https:\/\/www.tonimartinmedic.com\/ca\/wp-json\/wp\/v2\/media?parent=1491"}],"wp:term":[{"taxonomy":"category","embeddable":true,"href":"https:\/\/www.tonimartinmedic.com\/ca\/wp-json\/wp\/v2\/categories?post=1491"},{"taxonomy":"post_tag","embeddable":true,"href":"https:\/\/www.tonimartinmedic.com\/ca\/wp-json\/wp\/v2\/tags?post=1491"}],"curies":[{"name":"wp","href":"https:\/\/api.w.org\/{rel}","templated":true}]}}